{"id":2762,"date":"2021-02-18T21:31:27","date_gmt":"2021-02-19T00:31:27","guid":{"rendered":"https:\/\/contosdeumlobo.com.br\/?p=2762"},"modified":"2023-06-15T21:23:07","modified_gmt":"2023-06-16T00:23:07","slug":"opiniaoserie-cidade-invisivel","status":"publish","type":"post","link":"https:\/\/contosdeumlobo.com.br\/en\/opiniaoserie-cidade-invisivel\/","title":{"rendered":"[Opini\u00e3o] S\u00e9rie &#8211; Cidade Invis\u00edvel"},"content":{"rendered":"<p>Ol\u00e1 Pessoal novamente!<\/p>\n\n\n\n<p>Espero que todos estejam bem, porque quero muito trazer uma not\u00edcia boa, uma novidade para acalorar os nossos cora\u00e7\u00f5es e mentes!<\/p>\n\n\n\n<figure class=\"wp-block-image size-large\"><img decoding=\"async\" src=\"https:\/\/observatoriodocinema.uol.com.br\/wp-content\/uploads\/2021\/02\/80988876_5484icstoryart_na_zxx_01-scaled.jpg\" alt=\"\"\/><\/figure>\n\n\n\n<p>Produzido pela Netflix &#8211; Brasil;<\/p>\n\n\n\n<p>Cidade Invis\u00edvel tem uma hist\u00f3ria bem desenvolvida, escrita por dois nomes de muito peso da nossa literatura de fantasia nacional:<\/p>\n\n\n\n<p>Carol Munh\u00f3z e Raphael Draccon!<\/p>\n\n\n\n<p>Para um bom leitor, qualquer um dos nomes j\u00e1 at\u00e9 arrepia, e quando os dois se juntam em um livro ou s\u00e9rie, s\u00f3 podemos esperar algo muito bom disso tudo!<\/p>\n\n\n\n<figure class=\"wp-block-image size-large is-resized\"><img fetchpriority=\"high\" decoding=\"async\" src=\"https:\/\/www.opovo.com.br\/_midias\/jpg\/2021\/01\/29\/ic_102_00_36_51_08_r-14760012.jpg\" alt=\"\" width=\"580\" height=\"386\"\/><\/figure>\n\n\n\n<p>Uma opini\u00e3o que eu estava doido para confirmar, e fiquei muito feliz de poder fazer isso \u00e9: <\/p>\n\n\n\n<p>A s\u00e9rie entrega muito mais do que apenas uma hist\u00f3ria com o nosso folclore, o que se diga de passagem, \u00e9 bem mais do que milh\u00f5es de hist\u00f3rias contadas atualmente nesses 20 anos.<\/p>\n\n\n\n<p>Acredito que n\u00e3o preciso me preocupar com spoiler, mas se voc\u00ea n\u00e3o viu ainda, PARE DE LER AQUI E V\u00c1 ASSISTIR, a s\u00e9rie \u00e9 excelente sim!<\/p>\n\n\n\n<p>Mas se voc\u00ea j\u00e1 leu, o que podemos conversar?<\/p>\n\n\n\n<p>A Cuca rejuvenescida como a bruxa impiedosa e far\u00e1 de tudo para proteger o pouco que nos resta sem ser injusta?<\/p>\n\n\n\n<p>A Iara (com i, pelo amor de qualquer coisa), que faz o melhor que pode, e se divide perante a situa\u00e7\u00e3o em que \u00e9 posta?<\/p>\n\n\n\n<p>O Boto sendo o boto que deve ser, safado, doido por fazer filhos por ai?<\/p>\n\n\n\n<p>Saci espertinho como sempre, mas com o seu nome hom\u00f4nimo e com as duas pernas? Simplesmente genial!<\/p>\n\n\n\n<p>Tutu! A Tutu&#8230;! eu te entendo! <\/p>\n\n\n\n<p>Curupira&#8230;! Sem mais coment\u00e1rios!<\/p>\n\n\n\n<figure class=\"wp-block-image size-large\"><img decoding=\"async\" src=\"https:\/\/www.jornadageek.com.br\/wp-content\/uploads\/2021\/02\/Camila-Ibere-e-Isac-em-Cidade-Invisivel.jpg\" alt=\"\"\/><\/figure>\n\n\n\n<p>Gostei muito de alguns pontos de atualidade colocados na s\u00e9rie e tratados de maneira simples, sem ser for\u00e7ado, mostrando que, podemos ter um bom desenvolvimento da hist\u00f3ria pela netflix sem precisar for\u00e7ar algo.<\/p>\n\n\n\n<p>O caso da companheira do Eric na s\u00e9rie, na pol\u00edcia ambiental foi tratada no n\u00edvel correto, na minha opini\u00e3o, tendo o desenvolvimento perfeito para o momento. Assim como o desenvolvimento do Eric, durante a s\u00e9rie, foi boa, mas com certeza melhorou bastante nos dois \u00faltimos epis\u00f3dios!<\/p>\n\n\n\n<p>Gostei de ver outras religi\u00f5es tendo o seu espa\u00e7o na hist\u00f3ria miscigena brasileira, isso muito me agrada.<\/p>\n\n\n\n<p>Gostei de ver o nosso Brasil retratado como um pa\u00eds de hist\u00f3ria, cultura e respeito, por mais que algumas ou, muitas pessoas, achem que nada disso existe aqui, e apenas fora.<\/p>\n\n\n\n<p>De maneira geral, a s\u00e9rie superou muito minhas expectativas, e acabei &#8216;maratonando&#8217; no dia da estreia, coisa que eu nunca tinha feito com uma s\u00e9rie.<\/p>\n\n\n\n<p>Vou deixar o Link para o trailer oficial, e quem quiser, est\u00e1 dispon\u00edvel na Netflix!<\/p>\n\n\n\n<p>S\u00e9rie Maravilhosa em 7 cap\u00edtulos de em m\u00e9dia, 35min!<\/p>\n\n\n\n<p>e Obrigado!<\/p>\n\n\n\n<figure class=\"wp-block-embed is-type-video is-provider-youtube wp-block-embed-youtube wp-embed-aspect-16-9 wp-has-aspect-ratio\"><div class=\"wp-block-embed__wrapper\">\n<div class=\"media-embedded\"><iframe title=\"Cidade Invis\u00edvel | Trailer oficial | Netflix Brasil\" width=\"1778\" height=\"1000\" src=\"https:\/\/www.youtube.com\/embed\/GodwQKNXIYk?feature=oembed\" frameborder=\"0\" allow=\"accelerometer; autoplay; clipboard-write; encrypted-media; gyroscope; picture-in-picture\" allowfullscreen><\/iframe><\/div>\n<\/div><\/figure>\n\n\n\n<p>Recomenda\u00e7\u00e3o Adicional de s\u00e9rie Brasileira pela Netflix: 3% &#8211; Excelente tamb\u00e9m, completa em 4 Temporadas!<\/p>","protected":false},"excerpt":{"rendered":"<p>Ol\u00e1 Pessoal novamente! Espero que todos estejam bem, porque quero muito trazer uma not\u00edcia boa, uma novidade para acalorar os nossos cora\u00e7\u00f5es e mentes! Produzido pela Netflix &#8211; Brasil; Cidade Invis\u00edvel tem uma hist\u00f3ria bem desenvolvida, escrita por dois nomes de muito peso da nossa literatura de fantasia nacional: Carol Munh\u00f3z e Raphael Draccon! Para&#8230;<\/p>","protected":false},"author":1,"featured_media":2765,"comment_status":"closed","ping_status":"closed","sticky":false,"template":"","format":"standard","meta":{"footnotes":""},"categories":[4,7],"tags":[55,441,440,439,438,331,321,320],"class_list":["post-2762","post","type-post","status-publish","format-standard","has-post-thumbnail","hentry","category-indicacao","category-opiniao","tag-cidade","tag-cidade-invisivel","tag-folclore","tag-folclore-nascional","tag-invisivel","tag-nacional","tag-netflix","tag-serie"],"_links":{"self":[{"href":"https:\/\/contosdeumlobo.com.br\/en\/wp-json\/wp\/v2\/posts\/2762","targetHints":{"allow":["GET"]}}],"collection":[{"href":"https:\/\/contosdeumlobo.com.br\/en\/wp-json\/wp\/v2\/posts"}],"about":[{"href":"https:\/\/contosdeumlobo.com.br\/en\/wp-json\/wp\/v2\/types\/post"}],"author":[{"embeddable":true,"href":"https:\/\/contosdeumlobo.com.br\/en\/wp-json\/wp\/v2\/users\/1"}],"replies":[{"embeddable":true,"href":"https:\/\/contosdeumlobo.com.br\/en\/wp-json\/wp\/v2\/comments?post=2762"}],"version-history":[{"count":31,"href":"https:\/\/contosdeumlobo.com.br\/en\/wp-json\/wp\/v2\/posts\/2762\/revisions"}],"predecessor-version":[{"id":2794,"href":"https:\/\/contosdeumlobo.com.br\/en\/wp-json\/wp\/v2\/posts\/2762\/revisions\/2794"}],"wp:featuredmedia":[{"embeddable":true,"href":"https:\/\/contosdeumlobo.com.br\/en\/wp-json\/wp\/v2\/media\/2765"}],"wp:attachment":[{"href":"https:\/\/contosdeumlobo.com.br\/en\/wp-json\/wp\/v2\/media?parent=2762"}],"wp:term":[{"taxonomy":"category","embeddable":true,"href":"https:\/\/contosdeumlobo.com.br\/en\/wp-json\/wp\/v2\/categories?post=2762"},{"taxonomy":"post_tag","embeddable":true,"href":"https:\/\/contosdeumlobo.com.br\/en\/wp-json\/wp\/v2\/tags?post=2762"}],"curies":[{"name":"wp","href":"https:\/\/api.w.org\/{rel}","templated":true}]}}