{"id":2356,"date":"2020-07-17T17:41:32","date_gmt":"2020-07-17T20:41:32","guid":{"rendered":"https:\/\/contosdeumlobo.com.br\/?p=2356"},"modified":"2025-12-30T22:32:32","modified_gmt":"2025-12-31T01:32:32","slug":"pensamentos-e-opinioes-nos-ultimos-tempos-tipo-anos","status":"publish","type":"post","link":"https:\/\/contosdeumlobo.com.br\/en\/pensamentos-e-opinioes-nos-ultimos-tempos-tipo-anos\/","title":{"rendered":"Pensamentos e Opini\u00f5es &#8211; nos ultimos tempos, tipo, anos"},"content":{"rendered":"\t\t<div data-elementor-type=\"wp-post\" data-elementor-id=\"2356\" class=\"elementor elementor-2356\">\n\t\t\t\t\t\t<section class=\"elementor-section elementor-top-section elementor-element elementor-element-4a9212e elementor-section-boxed elementor-section-height-default elementor-section-height-default\" data-id=\"4a9212e\" data-element_type=\"section\" data-e-type=\"section\">\n\t\t\t\t\t\t<div class=\"elementor-container elementor-column-gap-default\">\n\t\t\t\t\t<div class=\"elementor-column elementor-col-100 elementor-top-column elementor-element elementor-element-3438ba4\" data-id=\"3438ba4\" data-element_type=\"column\" data-e-type=\"column\">\n\t\t\t<div class=\"elementor-widget-wrap elementor-element-populated\">\n\t\t\t\t\t\t<div class=\"elementor-element elementor-element-f21550f elementor-widget elementor-widget-text-editor\" data-id=\"f21550f\" data-element_type=\"widget\" data-e-type=\"widget\" data-widget_type=\"text-editor.default\">\n\t\t\t\t<div class=\"elementor-widget-container\">\n\t\t\t\t\t\t\t\t\t<p>Eu n\u00e3o sei se deveria estar fazendo isso mas, faz algum tempo que eu gostaria muito de por varios pensamentos e opini\u00f5es para fora, sobre tudo em geral.<\/p>\t\t\t\t\t\t\t\t<\/div>\n\t\t\t\t<\/div>\n\t\t\t\t<section class=\"elementor-section elementor-inner-section elementor-element elementor-element-dbb9d34 elementor-section-boxed elementor-section-height-default elementor-section-height-default\" data-id=\"dbb9d34\" data-element_type=\"section\" data-e-type=\"section\">\n\t\t\t\t\t\t<div class=\"elementor-container elementor-column-gap-default\">\n\t\t\t\t\t<div class=\"elementor-column elementor-col-50 elementor-inner-column elementor-element elementor-element-aecd988\" data-id=\"aecd988\" data-element_type=\"column\" data-e-type=\"column\">\n\t\t\t<div class=\"elementor-widget-wrap elementor-element-populated\">\n\t\t\t\t\t\t<div class=\"elementor-element elementor-element-48975de elementor-widget elementor-widget-image\" data-id=\"48975de\" data-element_type=\"widget\" data-e-type=\"widget\" data-widget_type=\"image.default\">\n\t\t\t\t<div class=\"elementor-widget-container\">\n\t\t\t\t\t\t\t\t\t\t\t\t\t\t\t<img fetchpriority=\"high\" decoding=\"async\" width=\"1024\" height=\"768\" src=\"https:\/\/contosdeumlobo.com.br\/wp-content\/uploads\/2020\/07\/IMG_20181118_104135-scaled-e1595013582410.jpg\" class=\"attachment-large size-large wp-image-2360\" alt=\"\" srcset=\"https:\/\/contosdeumlobo.com.br\/wp-content\/uploads\/2020\/07\/IMG_20181118_104135-scaled-e1595013582410.jpg 2560w, https:\/\/contosdeumlobo.com.br\/wp-content\/uploads\/2020\/07\/IMG_20181118_104135-scaled-e1595013582410-600x450.jpg 600w\" sizes=\"(max-width: 1024px) 100vw, 1024px\" \/>\t\t\t\t\t\t\t\t\t\t\t\t\t\t\t<\/div>\n\t\t\t\t<\/div>\n\t\t\t\t\t<\/div>\n\t\t<\/div>\n\t\t\t\t<div class=\"elementor-column elementor-col-50 elementor-inner-column elementor-element elementor-element-16a996c\" data-id=\"16a996c\" data-element_type=\"column\" data-e-type=\"column\">\n\t\t\t<div class=\"elementor-widget-wrap elementor-element-populated\">\n\t\t\t\t\t\t<div class=\"elementor-element elementor-element-216fa50 elementor-widget elementor-widget-heading\" data-id=\"216fa50\" data-element_type=\"widget\" data-e-type=\"widget\" data-widget_type=\"heading.default\">\n\t\t\t\t<div class=\"elementor-widget-container\">\n\t\t\t\t\t<h2 class=\"elementor-heading-title elementor-size-default\">Primeiro de tudo, sinto a sua falta<\/h2>\t\t\t\t<\/div>\n\t\t\t\t<\/div>\n\t\t\t\t<div class=\"elementor-element elementor-element-49927a4 elementor-widget elementor-widget-text-editor\" data-id=\"49927a4\" data-element_type=\"widget\" data-e-type=\"widget\" data-widget_type=\"text-editor.default\">\n\t\t\t\t<div class=\"elementor-widget-container\">\n\t\t\t\t\t\t\t\t\t<p>Sabe&#8230; A primeira coisa que muito me martela na cabe\u00e7a, \u00e9 como eu sinto a sua falta. Entendo perfeitamente que&#8230; tem coisas que n\u00e3o podemos evitar&#8230; Assim como n\u00e3o fui o dono perfeito, nem achei que seria algum dia, mas eu acredito, que s\u00f3 eu saiba como eu te amava tanto.<\/p>\t\t\t\t\t\t\t\t<\/div>\n\t\t\t\t<\/div>\n\t\t\t\t\t<\/div>\n\t\t<\/div>\n\t\t\t\t\t<\/div>\n\t\t<\/section>\n\t\t\t\t<div class=\"elementor-element elementor-element-cfc0575 elementor-widget elementor-widget-text-editor\" data-id=\"cfc0575\" data-element_type=\"widget\" data-e-type=\"widget\" data-widget_type=\"text-editor.default\">\n\t\t\t\t<div class=\"elementor-widget-container\">\n\t\t\t\t\t\t\t\t\t<p>Acredito que, ter divido tudo o que eu pude com voc\u00ea, foi a melhor coisa que eu pude fazer para mostrar como sempre me foi e ser\u00e1 importante.<\/p><p>Claro, na minha convic\u00e7\u00e3o n\u00e9. Inclusive sei que voc\u00ea se foi, e espero que fa\u00e7a um bom descanso antes de continuar a sua jornada pela longa estrada da exist\u00eancia&#8230;<\/p><p>Gostaria de deixar marcado, para mim, para voc\u00ea e para todos, pelo tempo que puder, o quanto eu o amo e sinto a sua falta, de forma que, n\u00e3o importa o tempo que se passe&#8230; E ja faz&#8230; 2 anos +-&#8230; e nenhum outro animal ou ser vivo me despertou o que voce fez.<\/p><p>Sempre ser\u00e1 unico para mim.<\/p><p>Com Agradecimentos deste Humano-Lobo que sempre lhe ira lembrar.<\/p><p>Felipe<\/p>\t\t\t\t\t\t\t\t<\/div>\n\t\t\t\t<\/div>\n\t\t\t\t\t<\/div>\n\t\t<\/div>\n\t\t\t\t\t<\/div>\n\t\t<\/section>\n\t\t\t\t<section class=\"elementor-section elementor-top-section elementor-element elementor-element-ffbac12 elementor-section-boxed elementor-section-height-default elementor-section-height-default\" data-id=\"ffbac12\" data-element_type=\"section\" data-e-type=\"section\">\n\t\t\t\t\t\t<div class=\"elementor-container elementor-column-gap-default\">\n\t\t\t\t\t<div class=\"elementor-column elementor-col-100 elementor-top-column elementor-element elementor-element-2fae0af\" data-id=\"2fae0af\" data-element_type=\"column\" data-e-type=\"column\">\n\t\t\t<div class=\"elementor-widget-wrap elementor-element-populated\">\n\t\t\t\t\t\t<div class=\"elementor-element elementor-element-8e1352e elementor-widget elementor-widget-heading\" data-id=\"8e1352e\" data-element_type=\"widget\" data-e-type=\"widget\" data-widget_type=\"heading.default\">\n\t\t\t\t<div class=\"elementor-widget-container\">\n\t\t\t\t\t<h2 class=\"elementor-heading-title elementor-size-default\">Pessoas<\/h2>\t\t\t\t<\/div>\n\t\t\t\t<\/div>\n\t\t\t\t<section class=\"elementor-section elementor-inner-section elementor-element elementor-element-7c52c75 elementor-section-boxed elementor-section-height-default elementor-section-height-default\" data-id=\"7c52c75\" data-element_type=\"section\" data-e-type=\"section\">\n\t\t\t\t\t\t<div class=\"elementor-container elementor-column-gap-default\">\n\t\t\t\t\t<div class=\"elementor-column elementor-col-50 elementor-inner-column elementor-element elementor-element-a93599f\" data-id=\"a93599f\" data-element_type=\"column\" data-e-type=\"column\">\n\t\t\t<div class=\"elementor-widget-wrap elementor-element-populated\">\n\t\t\t\t\t\t<div class=\"elementor-element elementor-element-9557d49 elementor-widget elementor-widget-text-editor\" data-id=\"9557d49\" data-element_type=\"widget\" data-e-type=\"widget\" data-widget_type=\"text-editor.default\">\n\t\t\t\t<div class=\"elementor-widget-container\">\n\t\t\t\t\t\t\t\t\t<p>Pensa num animal dificil&#8230;. \u00e9 esse.<\/p><p>Hoje em dia, n\u00e3o sabe o que quer, n\u00e3o sabe o que faz, nem o porque de estar fazendo. Simplesmente esta &#8220;seguindo a boiada&#8221;.<\/p>\t\t\t\t\t\t\t\t<\/div>\n\t\t\t\t<\/div>\n\t\t\t\t\t<\/div>\n\t\t<\/div>\n\t\t\t\t<div class=\"elementor-column elementor-col-50 elementor-inner-column elementor-element elementor-element-5100130\" data-id=\"5100130\" data-element_type=\"column\" data-e-type=\"column\">\n\t\t\t<div class=\"elementor-widget-wrap elementor-element-populated\">\n\t\t\t\t\t\t<div class=\"elementor-element elementor-element-35a9505 elementor-widget elementor-widget-text-editor\" data-id=\"35a9505\" data-element_type=\"widget\" data-e-type=\"widget\" data-widget_type=\"text-editor.default\">\n\t\t\t\t<div class=\"elementor-widget-container\">\n\t\t\t\t\t\t\t\t\t<p>Esse simplesmente \u00e9 um assunto que me atormenta muito a cabe\u00e7a, que eu estou dando espa\u00e7o aqui para aliviar a minha.<\/p>\t\t\t\t\t\t\t\t<\/div>\n\t\t\t\t<\/div>\n\t\t\t\t\t<\/div>\n\t\t<\/div>\n\t\t\t\t\t<\/div>\n\t\t<\/section>\n\t\t\t\t<div class=\"elementor-element elementor-element-2ec8311 elementor-widget elementor-widget-heading\" data-id=\"2ec8311\" data-element_type=\"widget\" data-e-type=\"widget\" data-widget_type=\"heading.default\">\n\t\t\t\t<div class=\"elementor-widget-container\">\n\t\t\t\t\t<h3 class=\"elementor-heading-title elementor-size-default\">De maneira geral, seja voc\u00ea, seja hoje, seja amanh\u00e3, seja o que foi ontem, apenas aceite a si mesmo, e respeite os outros.<\/h3>\t\t\t\t<\/div>\n\t\t\t\t<\/div>\n\t\t\t\t<div class=\"elementor-element elementor-element-23276a7 elementor-widget-divider--view-line elementor-widget elementor-widget-divider\" data-id=\"23276a7\" data-element_type=\"widget\" data-e-type=\"widget\" data-widget_type=\"divider.default\">\n\t\t\t\t<div class=\"elementor-widget-container\">\n\t\t\t\t\t\t\t<div class=\"elementor-divider\">\n\t\t\t<span class=\"elementor-divider-separator\">\n\t\t\t\t\t\t<\/span>\n\t\t<\/div>\n\t\t\t\t\t\t<\/div>\n\t\t\t\t<\/div>\n\t\t\t\t<div class=\"elementor-element elementor-element-857eb71 elementor-widget elementor-widget-text-editor\" data-id=\"857eb71\" data-element_type=\"widget\" data-e-type=\"widget\" data-widget_type=\"text-editor.default\">\n\t\t\t\t<div class=\"elementor-widget-container\">\n\t\t\t\t\t\t\t\t\t<p>Para mim,\u00a0 depois de tantos anos que eu estudei algumas coisas, nunca todas, eu escolhi\u00a0 ser um Lobo ponderado.<\/p><p>Filho de pessoas de religi\u00e3o crist\u00e3, com orienta\u00e7\u00e3o homossexual, simplesmente aprendi r\u00e1pido que respeito, n\u00e3o \u00e9 dado como deveria, e sim, conquistado atrav\u00e9s de muita luta, interna e externa, o que \u00e9 algo triste&#8230;<\/p><p>Eu sei as marcas e lembran\u00e7as que eu carrego, por tudo o que eu passei e chorei, por\u00e9m, cada ser humano tem a sua hist\u00f3ria, e as pr\u00f3prias escolhas.<\/p><p><span style=\"color: var( --e-global-color-text ); font-family: var( --e-global-typography-text-font-family ), Sans-serif; font-weight: var( --e-global-typography-text-font-weight ); letter-spacing: 0em;\">N\u00e3o culpo nada nem ningu\u00e9m pelas escolhas que eu fiz a partir do momento em que eu era capaz de toma-las e aguentar as dores de todas elas.<\/span><\/p><p>Inclusive, me condeno at\u00e9 hoje por n\u00e3o ser o tipo de ser humano, que levava o pr\u00f3prio cachorro para passear todo fim de semana, ou que passava horas e mais horas brincando com ele; sempre fui um dono um pouco ausente para isso, mas sempre cumprimentava e beijava e demonstrava muito carinho e amor.<\/p><p>Aquela frase clich\u00ea que a gente fala para tentar,\u00a0 contrabalancear tudo o que fizemos e deixamos de fazer por algum ser vivo que a gente ame, seja pessoa ou animal.<\/p>\t\t\t\t\t\t\t\t<\/div>\n\t\t\t\t<\/div>\n\t\t\t\t<section class=\"elementor-section elementor-inner-section elementor-element elementor-element-3b52d2d elementor-section-boxed elementor-section-height-default elementor-section-height-default\" data-id=\"3b52d2d\" data-element_type=\"section\" data-e-type=\"section\">\n\t\t\t\t\t\t<div class=\"elementor-container elementor-column-gap-default\">\n\t\t\t\t\t<div class=\"elementor-column elementor-col-50 elementor-inner-column elementor-element elementor-element-17347ba\" data-id=\"17347ba\" data-element_type=\"column\" data-e-type=\"column\">\n\t\t\t<div class=\"elementor-widget-wrap elementor-element-populated\">\n\t\t\t\t\t\t<div class=\"elementor-element elementor-element-d5bccf7 elementor-widget elementor-widget-image\" data-id=\"d5bccf7\" data-element_type=\"widget\" data-e-type=\"widget\" data-widget_type=\"image.default\">\n\t\t\t\t<div class=\"elementor-widget-container\">\n\t\t\t\t\t\t\t\t\t\t\t\t\t\t\t<img decoding=\"async\" width=\"770\" height=\"771\" src=\"https:\/\/contosdeumlobo.com.br\/wp-content\/uploads\/2018\/08\/1321988099.felipewolf_elemental_globo.png\" class=\"attachment-large size-large wp-image-1712\" alt=\"\" srcset=\"https:\/\/contosdeumlobo.com.br\/wp-content\/uploads\/2018\/08\/1321988099.felipewolf_elemental_globo.png 770w, https:\/\/contosdeumlobo.com.br\/wp-content\/uploads\/2018\/08\/1321988099.felipewolf_elemental_globo-150x150.png 150w, https:\/\/contosdeumlobo.com.br\/wp-content\/uploads\/2018\/08\/1321988099.felipewolf_elemental_globo-300x300.png 300w, https:\/\/contosdeumlobo.com.br\/wp-content\/uploads\/2018\/08\/1321988099.felipewolf_elemental_globo-768x769.png 768w, https:\/\/contosdeumlobo.com.br\/wp-content\/uploads\/2018\/08\/1321988099.felipewolf_elemental_globo-680x681.png 680w, https:\/\/contosdeumlobo.com.br\/wp-content\/uploads\/2018\/08\/1321988099.felipewolf_elemental_globo-740x740.png 740w\" sizes=\"(max-width: 770px) 100vw, 770px\" \/>\t\t\t\t\t\t\t\t\t\t\t\t\t\t\t<\/div>\n\t\t\t\t<\/div>\n\t\t\t\t\t<\/div>\n\t\t<\/div>\n\t\t\t\t<div class=\"elementor-column elementor-col-50 elementor-inner-column elementor-element elementor-element-7f927ca\" data-id=\"7f927ca\" data-element_type=\"column\" data-e-type=\"column\">\n\t\t\t<div class=\"elementor-widget-wrap elementor-element-populated\">\n\t\t\t\t\t\t<div class=\"elementor-element elementor-element-682525a elementor-widget elementor-widget-text-editor\" data-id=\"682525a\" data-element_type=\"widget\" data-e-type=\"widget\" data-widget_type=\"text-editor.default\">\n\t\t\t\t<div class=\"elementor-widget-container\">\n\t\t\t\t\t\t\t\t\t<p>Tamb\u00e9m decidi ser uma pessoa ponderada no campo da religi\u00e3o.<\/p><p>N\u00e3o me importa qual seja a sua, me importa apenas o seu respeito pelos outros, em todos os campos aplic\u00e1veis.<\/p><p>Eu, como um Lobo, adepto do Paganismo e do Budismo, foco no ADEPTO, estudei muito sobre a historia de v\u00e1rias religi\u00f5es, e no meu entendimento, n\u00e3o cabe a mim julgar, recriminar, falar mal de uma ou outra, nem do proprio Cristianismo que praticou o genocidio de milh\u00f5es de pessoas que pensavam diferente dele.<\/p><p>Simplesmente levo em mente que, para tudo se tem um pre\u00e7o, e por mais que as fam\u00edlias n\u00e3o vejam isso de forma clara, todos pagam pelas atitudes de tirar a vida de outros cedo ou tarde, por tanto, n\u00e3o guardo rancor, apenas conhecimento de que, tudo tem consequ\u00eancias e ningu\u00e9m escapa disso.<\/p>\t\t\t\t\t\t\t\t<\/div>\n\t\t\t\t<\/div>\n\t\t\t\t\t<\/div>\n\t\t<\/div>\n\t\t\t\t\t<\/div>\n\t\t<\/section>\n\t\t\t\t<div class=\"elementor-element elementor-element-15557b3 elementor-widget elementor-widget-text-editor\" data-id=\"15557b3\" data-element_type=\"widget\" data-e-type=\"widget\" data-widget_type=\"text-editor.default\">\n\t\t\t\t<div class=\"elementor-widget-container\">\n\t\t\t\t\t\t\t\t\t<p>Tamb\u00e9m n\u00e3o sou deixado levar pela opini\u00e3o dos outros.<\/p><p>A exist\u00eancia do livre arb\u00edtrio na vida sempre foi, e sempre ser\u00e1 questionada por todos que se sentem lesados pelo modelo atual de vida, e por isso, para mim, n\u00e3o cabe uma discuss\u00e3o sobre o assunto, se n\u00e3o for para apresentar uma solu\u00e7\u00e3o aplic\u00e1vel a ele.<\/p><p><span style=\"color: var( --e-global-color-text ); font-family: var( --e-global-typography-text-font-family ), Sans-serif; font-weight: var( --e-global-typography-text-font-weight ); letter-spacing: 0em;\">A Vida dos Humanos ir\u00e1 seguir em frente conforme a ordem daqueles que tem, atualmente, dinheiro, e eu n\u00e3o tenho vontade nenhuma de perder o meu tempo para pensar em algo contra isso, minha convic\u00e7\u00e3o de vida n\u00e3o \u00e9 essa, se for a sua, boa sorte, espero que chegue longe na sua vida e nos seus prop\u00f3sitos.<\/span><\/p>\t\t\t\t\t\t\t\t<\/div>\n\t\t\t\t<\/div>\n\t\t\t\t<div class=\"elementor-element elementor-element-ed508f2 elementor-widget elementor-widget-text-editor\" data-id=\"ed508f2\" data-element_type=\"widget\" data-e-type=\"widget\" data-widget_type=\"text-editor.default\">\n\t\t\t\t<div class=\"elementor-widget-container\">\n\t\t\t\t\t\t\t\t\t<p>N\u00e3o tomo decis\u00f5es alinhadas a lados, n\u00e3o sou do tipo que escolhe &#8220;A&#8221;, para n\u00e3o escolher &#8220;B&#8221;, assim como, dito sou, Humano ainda, fa\u00e7o uso e n\u00e3o escolher nada que n\u00e3o me agrade.<\/p><p>Neutralidade na vida existe, se uma pessoa n\u00e3o tem, n\u00e3o posso fazer nada sobre isso.<\/p><p>Assim como n\u00e3o adianta levantar e apontar, dizendo que todos que n\u00e3o concordam com uma opini\u00e3o &#8220;x&#8221; est\u00e3o\u00a0 automaticamente concordando com outra.<\/p><p>Isso n\u00e3o existe na realidade pr\u00e1tica.<\/p><p>O que existe \u00e9 voc\u00ea e o seu pensamento, e este, julga os outros de acordo com os pr\u00f3prios requisitos da sua mente.<\/p><p>Logo, a sua mente humana cria um mundo para que voc\u00ea sobreviva, e esse mundo, \u00e9 diferente da realidade, logo, voc\u00ea vai brigar para que ele seja igual ao seu. E essa luta ser\u00e1 sua, caber\u00e1 a voc\u00ea fazer com que outros acreditem naquilo que voc\u00ea pensa.<\/p>\t\t\t\t\t\t\t\t<\/div>\n\t\t\t\t<\/div>\n\t\t\t\t<div class=\"elementor-element elementor-element-4705297 elementor-widget elementor-widget-heading\" data-id=\"4705297\" data-element_type=\"widget\" data-e-type=\"widget\" data-widget_type=\"heading.default\">\n\t\t\t\t<div class=\"elementor-widget-container\">\n\t\t\t\t\t<h2 class=\"elementor-heading-title elementor-size-default\">Um mundo \u00e9 perigoso, seja ele dentro ou fora da sua cabe\u00e7a.<\/h2>\t\t\t\t<\/div>\n\t\t\t\t<\/div>\n\t\t\t\t\t<\/div>\n\t\t<\/div>\n\t\t\t\t\t<\/div>\n\t\t<\/section>\n\t\t\t\t<section class=\"elementor-section elementor-top-section elementor-element elementor-element-0ed5014 elementor-section-boxed elementor-section-height-default elementor-section-height-default\" data-id=\"0ed5014\" data-element_type=\"section\" data-e-type=\"section\">\n\t\t\t\t\t\t<div class=\"elementor-container elementor-column-gap-default\">\n\t\t\t\t\t<div class=\"elementor-column elementor-col-100 elementor-top-column elementor-element elementor-element-1cb948a\" data-id=\"1cb948a\" data-element_type=\"column\" data-e-type=\"column\">\n\t\t\t<div class=\"elementor-widget-wrap elementor-element-populated\">\n\t\t\t\t\t\t<div class=\"elementor-element elementor-element-ef6632e elementor-widget elementor-widget-spacer\" data-id=\"ef6632e\" data-element_type=\"widget\" data-e-type=\"widget\" data-widget_type=\"spacer.default\">\n\t\t\t\t<div class=\"elementor-widget-container\">\n\t\t\t\t\t\t\t<div class=\"elementor-spacer\">\n\t\t\t<div class=\"elementor-spacer-inner\"><\/div>\n\t\t<\/div>\n\t\t\t\t\t\t<\/div>\n\t\t\t\t<\/div>\n\t\t\t\t<div class=\"elementor-element elementor-element-87096b2 elementor-widget elementor-widget-heading\" data-id=\"87096b2\" data-element_type=\"widget\" data-e-type=\"widget\" data-widget_type=\"heading.default\">\n\t\t\t\t<div class=\"elementor-widget-container\">\n\t\t\t\t\t<h2 class=\"elementor-heading-title elementor-size-default\">A Natureza<\/h2>\t\t\t\t<\/div>\n\t\t\t\t<\/div>\n\t\t\t\t<div class=\"elementor-element elementor-element-f46aef3 elementor-widget elementor-widget-text-editor\" data-id=\"f46aef3\" data-element_type=\"widget\" data-e-type=\"widget\" data-widget_type=\"text-editor.default\">\n\t\t\t\t<div class=\"elementor-widget-container\">\n\t\t\t\t\t\t\t\t\t<p>Seja qual for, \u00e9 linda.<\/p><p>Pode ser a do nosso planeta, a do nosso universo, a \u00fanica coisa que ela faz \u00e9 evoluir.<\/p><p>Sempre seguir em frente para preservar o equil\u00edbrio de tudo e da vida.<\/p><p><span style=\"color: var( --e-global-color-text ); font-family: var( --e-global-typography-text-font-family ), Sans-serif; font-weight: var( --e-global-typography-text-font-weight ); letter-spacing: 0em;\">A Natureza sentimental do ser humano tamb\u00e9m \u00e9 linda e incr\u00edvel.<\/span><\/p><p>Para mim, os sentimentos s\u00e3o incr\u00edveis, n\u00e3o s\u00f3 o das pessoas, mas os dos animais tamb\u00e9m das plantas.<\/p><p>O Sentimento que chega com aquilo que n\u00e3o podemos ver, apenas sentir.<\/p><p><span style=\"color: var( --e-global-color-text ); font-family: var( --e-global-typography-text-font-family ), Sans-serif; font-weight: var( --e-global-typography-text-font-weight ); letter-spacing: 0em;\">Tudo \u00e9 incr\u00edvel, e me desperta a vontade de seguir em frente, ir e seguir mais e mais caminhando por onde eu acho, e sinto que devo, para perto ou longe de tudo, o que eu mais amo e queria botar para fora.<\/span><\/p><p><span style=\"color: var( --e-global-color-text ); font-family: var( --e-global-typography-text-font-family ), Sans-serif; font-weight: var( --e-global-typography-text-font-weight ); letter-spacing: 0em;\">Os meus sentimentos pelas pessoas e animais e seres que eu tanto amo, de modo a n\u00e3o precisar\u00a0 escolher nada, nem m\u00e9todos, nem pessoas, apenas poder botar pra fora todos eles.<\/span><\/p><p>Toda essa energia, que eu desejo do fundo do cora\u00e7\u00e3o que chegue a todos e que, tudo possa seguir o seu caminho da melhor forma poss\u00edvel.<\/p>\t\t\t\t\t\t\t\t<\/div>\n\t\t\t\t<\/div>\n\t\t\t\t\t<\/div>\n\t\t<\/div>\n\t\t\t\t\t<\/div>\n\t\t<\/section>\n\t\t\t\t<section class=\"elementor-section elementor-top-section elementor-element elementor-element-aecfc53 elementor-section-boxed elementor-section-height-default elementor-section-height-default\" data-id=\"aecfc53\" data-element_type=\"section\" data-e-type=\"section\">\n\t\t\t\t\t\t<div class=\"elementor-container elementor-column-gap-default\">\n\t\t\t\t\t<div class=\"elementor-column elementor-col-100 elementor-top-column elementor-element elementor-element-6c7bd7d\" data-id=\"6c7bd7d\" data-element_type=\"column\" data-e-type=\"column\">\n\t\t\t<div class=\"elementor-widget-wrap elementor-element-populated\">\n\t\t\t\t\t\t<div class=\"elementor-element elementor-element-6d3989f elementor-widget elementor-widget-heading\" data-id=\"6d3989f\" data-element_type=\"widget\" data-e-type=\"widget\" data-widget_type=\"heading.default\">\n\t\t\t\t<div class=\"elementor-widget-container\">\n\t\t\t\t\t<h3 class=\"elementor-heading-title elementor-size-default\">Voc\u00ea pode parar de ler por aqui, se chegou at\u00e9 aqui.<\/h3>\t\t\t\t<\/div>\n\t\t\t\t<\/div>\n\t\t\t\t\t<\/div>\n\t\t<\/div>\n\t\t\t\t\t<\/div>\n\t\t<\/section>\n\t\t\t\t<section class=\"elementor-section elementor-top-section elementor-element elementor-element-a07edd4 elementor-section-boxed elementor-section-height-default elementor-section-height-default\" data-id=\"a07edd4\" data-element_type=\"section\" data-e-type=\"section\">\n\t\t\t\t\t\t<div class=\"elementor-container elementor-column-gap-default\">\n\t\t\t\t\t<div class=\"elementor-column elementor-col-100 elementor-top-column elementor-element elementor-element-c3679a1\" data-id=\"c3679a1\" data-element_type=\"column\" data-e-type=\"column\">\n\t\t\t<div class=\"elementor-widget-wrap elementor-element-populated\">\n\t\t\t\t\t\t<div class=\"elementor-element elementor-element-db8a757 elementor-widget-divider--view-line elementor-widget elementor-widget-divider\" data-id=\"db8a757\" data-element_type=\"widget\" data-e-type=\"widget\" data-widget_type=\"divider.default\">\n\t\t\t\t<div class=\"elementor-widget-container\">\n\t\t\t\t\t\t\t<div class=\"elementor-divider\">\n\t\t\t<span class=\"elementor-divider-separator\">\n\t\t\t\t\t\t<\/span>\n\t\t<\/div>\n\t\t\t\t\t\t<\/div>\n\t\t\t\t<\/div>\n\t\t\t\t\t<\/div>\n\t\t<\/div>\n\t\t\t\t\t<\/div>\n\t\t<\/section>\n\t\t\t\t<section class=\"elementor-section elementor-top-section elementor-element elementor-element-acbb4d6 elementor-section-boxed elementor-section-height-default elementor-section-height-default\" data-id=\"acbb4d6\" data-element_type=\"section\" data-e-type=\"section\">\n\t\t\t\t\t\t<div class=\"elementor-container elementor-column-gap-default\">\n\t\t\t\t\t<div class=\"elementor-column elementor-col-100 elementor-top-column elementor-element elementor-element-d9922d5\" data-id=\"d9922d5\" data-element_type=\"column\" data-e-type=\"column\">\n\t\t\t<div class=\"elementor-widget-wrap elementor-element-populated\">\n\t\t\t\t\t\t<div class=\"elementor-element elementor-element-5669fa4 elementor-widget elementor-widget-heading\" data-id=\"5669fa4\" data-element_type=\"widget\" data-e-type=\"widget\" data-widget_type=\"heading.default\">\n\t\t\t\t<div class=\"elementor-widget-container\">\n\t\t\t\t\t<h2 class=\"elementor-heading-title elementor-size-default\">Alguns sentimentos pessoais.<\/h2>\t\t\t\t<\/div>\n\t\t\t\t<\/div>\n\t\t\t\t<div class=\"elementor-element elementor-element-339a9d7 elementor-widget elementor-widget-text-editor\" data-id=\"339a9d7\" data-element_type=\"widget\" data-e-type=\"widget\" data-widget_type=\"text-editor.default\">\n\t\t\t\t<div class=\"elementor-widget-container\">\n\t\t\t\t\t\t\t\t\t<p>Al\u00e9m de saudade do meu amado companheiro que me deixou, sinto falta tamb\u00e9m de algumas pessoas que marcaram a minha vida de alguma forma.<\/p><p><span style=\"color: var( --e-global-color-text ); font-family: var( --e-global-typography-text-font-family ), Sans-serif; font-weight: var( --e-global-typography-text-font-weight ); letter-spacing: 0em;\">Na Saraiva, enquanto trabalhei l\u00e1, conheci pessoas e mais pessoas, uma mais interessante e legal do que a outra, e sendo bem sincero, sinto muito a falta deles, Glauber, Priscila, Fabio, Bismark&#8230; Com certeza s\u00e3o os nomes que mais me marcaram dentro de um local de trabalho como aquele.<\/span><\/p><p>Os momentos e sentimentos e hist\u00f3rias e inspira\u00e7\u00f5es que foram gerados atrav\u00e9s de cada um, s\u00f3 pela pr\u00f3pria companhia, me \u00e9 algo inacredit\u00e1vel at\u00e9 para mim.<\/p><p><span style=\"color: var( --e-global-color-text ); font-family: var( --e-global-typography-text-font-family ), Sans-serif; font-weight: var( --e-global-typography-text-font-weight ); letter-spacing: 0em;\">&#8220;Pessoas s\u00e3o estranhas&#8221; e eu amo muito isso.<\/span><\/p><p>Na sorveteria da Ben and Jerrys, sinto uma falta enorme da Saori, da Dani, da Cori,\u00a0 do Omar, Lucas, Amanda&#8230; Sinto uma falta imensa da alegria que todos me traziam&#8230;<\/p><p><span style=\"color: var( --e-global-color-text ); font-family: var( --e-global-typography-text-font-family ), Sans-serif; font-weight: var( --e-global-typography-text-font-weight ); letter-spacing: 0em;\">Quando Trabalhei no Banco do Brasil como terceirizado, eu tinha, e at\u00e9 hoje tenho, esse sentimento de carinho e saudade t\u00e3o forte ao lembrar da minha &#8220;mamis&#8221; no trabalho, assim como da incompar\u00e1vel Valzinha&#8230;<\/span><\/p><p><span style=\"color: var( --e-global-color-text ); font-family: var( --e-global-typography-text-font-family ), Sans-serif; font-weight: var( --e-global-typography-text-font-weight ); letter-spacing: 0em;\">Tamb\u00e9m foi l\u00e1 onde eu senti o sentimento muito forte por um cara que eu, covardemente, menti por medo, de tudo a volta, dar errado por conta disso, n\u00e3o s\u00f3 para mim, mas para ele tamb\u00e9m.<\/span><\/p><p><span style=\"color: var( --e-global-color-text ); font-family: var( --e-global-typography-text-font-family ), Sans-serif; font-weight: var( --e-global-typography-text-font-weight ); letter-spacing: 0em;\">Pr\u00f3ximos a minha casa, sinto falta da Evely, mesmo sendo uma amiga t\u00e3o pr\u00f3xima, eu gostaria de poder resgatar um sentimento de simplicidade que sinto falta, e que, com o passar dos anos, tem sido bem dif\u00edcil de acontecer.<\/span><\/p><p><span style=\"color: var( --e-global-color-text ); font-family: var( --e-global-typography-text-font-family ), Sans-serif; font-weight: var( --e-global-typography-text-font-weight ); letter-spacing: 0em;\">E a Internet&#8230; essa ferramenta que tem tanto potencial, para todos os lados&#8230;\u00a0<\/span><\/p><p>Eu a considero uma bola de ferra cheia de espinhos, se voc\u00ea a tocar, n\u00e3o ter\u00e1 como sair ileso, n\u00e3o importa a sua idade, cren\u00e7a, local, nada&#8230;<\/p><p><span style=\"color: var( --e-global-color-text ); font-family: var( --e-global-typography-text-font-family ), Sans-serif; font-weight: var( --e-global-typography-text-font-weight ); letter-spacing: 0em;\">Mas conheci muitas pessoas, algumas como o Pulguento, o meu Filhote, o meu amado amigo Dem\u00f4nio C\u00e3o Rosa, e mais recentemente, o Canguru, este que hoje \u00e9 t\u00e3o especial e amado por mim quanto os mais antigos de minha vida.<\/span><\/p><p><span style=\"color: var( --e-global-color-text ); font-family: var( --e-global-typography-text-font-family ), Sans-serif; font-weight: var( --e-global-typography-text-font-weight ); letter-spacing: 0em;\">[Edi\u00e7\u00e3o 1 &#8211; 18\/07\/2020]<\/span><\/p><p>Verdade que, no dia do texto, de expor tudo o que eu sinto e penso, eu n\u00e3o coloquei outras pessoas.<\/p><p>Pessoas e animais que eu convivo e converso muito e com muita frequ\u00eancia, desde mais de 15 anos atr\u00e1s, at\u00e9 as mais recentes, e ap\u00f3s uma dormida de cabe\u00e7a mais vazia, sou capaz de entender que tamb\u00e9m me ajudaram muito, principalmente me ouvindo sempre.<\/p><p><span style=\"color: var( --e-global-color-text ); font-family: var( --e-global-typography-text-font-family ), Sans-serif; font-weight: var( --e-global-typography-text-font-weight ); letter-spacing: 0em;\">Entre muitos destes animais, eu reparei que existem muitas raposas e, eu n\u00e3o s\u00f3 gosto muito de todos, como tamb\u00e9m, admiro muito algumas, principalmente, pelo jeito que algumas pensam e agem, e isso sempre me foi uma inspira\u00e7\u00e3o, e assim,\u00a0 sempre ser\u00e1 pois essa \u00e9 a vis\u00e3o que eu tenho destas pessoas.<\/span><\/p><p><span style=\"color: var( --e-global-color-text ); font-family: var( --e-global-typography-text-font-family ), Sans-serif; font-weight: var( --e-global-typography-text-font-weight ); letter-spacing: 0em;\">E conforme eu fui conhecendo e convivendo com elas, e outros animais, como Le\u00f5es, outros Lobos,\u00a0 c\u00e3es de varias cores e tipos, Drag\u00f5es, Coelhos Azuis, um Bode al\u00e9m de muitos outros que eu conhe\u00e7o e convivo e converso diariamente\u00a0 e tem tamb\u00e9m os puramente humanos sem nenhuma liga\u00e7\u00e3o com este nosso mundo muito doido, eu percebi que a vida \u00e9 assim:<\/span><\/p><p>As pessoas se afastam, cada uma por seu motivo, e n\u00f3s, no encontro do respeito, se n\u00e3o podemos evitar, que sempre respeitemos as decis\u00f5es dos outros de fazer tal escolha.<\/p><p><span style=\"color: var( --e-global-color-text ); font-family: var( --e-global-typography-text-font-family ), Sans-serif; font-weight: var( --e-global-typography-text-font-weight ); letter-spacing: 0em;\">Assim como n\u00f3s, devemos escolher nos afastar, seja pela integridade ou pelo respeito a n\u00f3s mesmos e aos nossos sentimentos.<\/span><\/p><p>[Fim da Edi\u00e7\u00e3o 1]<\/p><p><span style=\"color: var( --e-global-color-text ); font-family: var( --e-global-typography-text-font-family ), Sans-serif; font-weight: var( --e-global-typography-text-font-weight ); letter-spacing: 0em;\">N\u00e3o tenho condi\u00e7\u00f5es para explicar algo, que eu mesmo mal entendo, mas eu decidi, de livre e espont\u00e2nea vontade e acolhido pelos meus sentimentos, de que faria o que eu pudesse para faze-los feliz e os proteger. N\u00e3o apenas este grupo mas todos que me tocaram a vida.<\/span><\/p><p>Todos que s\u00e3o citados em minhas historias e fizeram parte dos momentos de minha vida.<\/p><p>A minha fam\u00edlia, \u00e9 algo que eu estou aprendendo ainda a adequar o sentimento do presente com o do passado, mas n\u00e3o deixo de amar nenhum, apenas dou mais valor a quem realmente me da hoje.<\/p><p>N\u00e3o posso me apegar ao passado da maneira que eu gostaria, pois para mim, n\u00e3o foi feliz como eu gostaria, mas como todo e qualquer animal nessa vida, estou aprendendo, sempre.<\/p>\t\t\t\t\t\t\t\t<\/div>\n\t\t\t\t<\/div>\n\t\t\t\t<div class=\"elementor-element elementor-element-4d98bcd elementor-widget elementor-widget-heading\" data-id=\"4d98bcd\" data-element_type=\"widget\" data-e-type=\"widget\" data-widget_type=\"heading.default\">\n\t\t\t\t<div class=\"elementor-widget-container\">\n\t\t\t\t\t<h4 class=\"elementor-heading-title elementor-size-default\">Eu mudei... mudei muito, e eu tenho plena ci\u00eancia disso... \nN\u00e3o pretendo parar de mudar, \nn\u00e3o pretendo parar de aprender, \nn\u00e3o pretendo parar de me adaptar e evoluir.\nN\u00e3o pretendo ser menos, para chegar onde quero.<\/h4>\t\t\t\t<\/div>\n\t\t\t\t<\/div>\n\t\t\t\t<div class=\"elementor-element elementor-element-f520292 elementor-widget elementor-widget-text-editor\" data-id=\"f520292\" data-element_type=\"widget\" data-e-type=\"widget\" data-widget_type=\"text-editor.default\">\n\t\t\t\t<div class=\"elementor-widget-container\">\n\t\t\t\t\t\t\t\t\t<p style=\"text-align: center;\">Me desculpe, se eu o decepciona-lo, caso acontecer, n\u00e3o sou e nem nunca serei perfeito, e nem quero.<\/p>\t\t\t\t\t\t\t\t<\/div>\n\t\t\t\t<\/div>\n\t\t\t\t\t<\/div>\n\t\t<\/div>\n\t\t\t\t\t<\/div>\n\t\t<\/section>\n\t\t\t\t<section class=\"elementor-section elementor-top-section elementor-element elementor-element-4deed39 elementor-section-boxed elementor-section-height-default elementor-section-height-default\" data-id=\"4deed39\" data-element_type=\"section\" data-e-type=\"section\">\n\t\t\t\t\t\t<div class=\"elementor-container elementor-column-gap-default\">\n\t\t\t\t\t<div class=\"elementor-column elementor-col-100 elementor-top-column elementor-element elementor-element-4509d67\" data-id=\"4509d67\" data-element_type=\"column\" data-e-type=\"column\">\n\t\t\t<div class=\"elementor-widget-wrap elementor-element-populated\">\n\t\t\t\t\t\t<div class=\"elementor-element elementor-element-d526ddb elementor-widget elementor-widget-heading\" data-id=\"d526ddb\" data-element_type=\"widget\" data-e-type=\"widget\" data-widget_type=\"heading.default\">\n\t\t\t\t<div class=\"elementor-widget-container\">\n\t\t\t\t\t<h2 class=\"elementor-heading-title elementor-size-default\">Adendo de Lugares - 18\/07\/2020<\/h2>\t\t\t\t<\/div>\n\t\t\t\t<\/div>\n\t\t\t\t<section class=\"elementor-section elementor-inner-section elementor-element elementor-element-1b01ed1 elementor-section-boxed elementor-section-height-default elementor-section-height-default\" data-id=\"1b01ed1\" data-element_type=\"section\" data-e-type=\"section\">\n\t\t\t\t\t\t<div class=\"elementor-container elementor-column-gap-default\">\n\t\t\t\t\t<div class=\"elementor-column elementor-col-50 elementor-inner-column elementor-element elementor-element-b5b3b6f\" data-id=\"b5b3b6f\" data-element_type=\"column\" data-e-type=\"column\">\n\t\t\t<div class=\"elementor-widget-wrap elementor-element-populated\">\n\t\t\t\t\t\t<div class=\"elementor-element elementor-element-ecfd155 elementor-widget elementor-widget-text-editor\" data-id=\"ecfd155\" data-element_type=\"widget\" data-e-type=\"widget\" data-widget_type=\"text-editor.default\">\n\t\t\t\t<div class=\"elementor-widget-container\">\n\t\t\t\t\t\t\t\t\t<p>Depois da noite de sono e, expurga\u00e7\u00e3o de pensamentos, ideias e opini\u00f5es, eu pude perceber que, tamb\u00e9m nunca irei me esquecer de alguns lugares que eu fui na minha vida.<\/p><p>Esteja eu sozinho no dia ou n\u00e3o.<\/p>\t\t\t\t\t\t\t\t<\/div>\n\t\t\t\t<\/div>\n\t\t\t\t<div class=\"elementor-element elementor-element-b281f73 elementor-view-default elementor-widget elementor-widget-icon\" data-id=\"b281f73\" data-element_type=\"widget\" data-e-type=\"widget\" data-widget_type=\"icon.default\">\n\t\t\t\t<div class=\"elementor-widget-container\">\n\t\t\t\t\t\t\t<div class=\"elementor-icon-wrapper\">\n\t\t\t<div class=\"elementor-icon\">\n\t\t\t<i aria-hidden=\"true\" class=\"far fa-bookmark\"><\/i>\t\t\t<\/div>\n\t\t<\/div>\n\t\t\t\t\t\t<\/div>\n\t\t\t\t<\/div>\n\t\t\t\t\t<\/div>\n\t\t<\/div>\n\t\t\t\t<div class=\"elementor-column elementor-col-50 elementor-inner-column elementor-element elementor-element-f62810b\" data-id=\"f62810b\" data-element_type=\"column\" data-e-type=\"column\">\n\t\t\t<div class=\"elementor-widget-wrap elementor-element-populated\">\n\t\t\t\t\t\t<div class=\"elementor-element elementor-element-be018b4 elementor-widget elementor-widget-text-editor\" data-id=\"be018b4\" data-element_type=\"widget\" data-e-type=\"widget\" data-widget_type=\"text-editor.default\">\n\t\t\t\t<div class=\"elementor-widget-container\">\n\t\t\t\t\t\t\t\t\t<p>[1]<\/p><p>Um dia que eu aprendi muito, o dia que eu fui ao cinema sozinho ver o filme &#8220;Clique&#8221;.<\/p><p>Chorei muito pelo filme, foi muito importante para mim esse dia; entender que a gente vai estar sozinho na vida cedo ou tarde, por escolha ou consequ\u00eancia.<\/p>\t\t\t\t\t\t\t\t<\/div>\n\t\t\t\t<\/div>\n\t\t\t\t\t<\/div>\n\t\t<\/div>\n\t\t\t\t\t<\/div>\n\t\t<\/section>\n\t\t\t\t<section class=\"elementor-section elementor-inner-section elementor-element elementor-element-1d7c869 elementor-section-boxed elementor-section-height-default elementor-section-height-default\" data-id=\"1d7c869\" data-element_type=\"section\" data-e-type=\"section\">\n\t\t\t\t\t\t<div class=\"elementor-container elementor-column-gap-default\">\n\t\t\t\t\t<div class=\"elementor-column elementor-col-50 elementor-inner-column elementor-element elementor-element-0105654\" data-id=\"0105654\" data-element_type=\"column\" data-e-type=\"column\">\n\t\t\t<div class=\"elementor-widget-wrap elementor-element-populated\">\n\t\t\t\t\t\t<div class=\"elementor-element elementor-element-c7e52b1 elementor-widget elementor-widget-text-editor\" data-id=\"c7e52b1\" data-element_type=\"widget\" data-e-type=\"widget\" data-widget_type=\"text-editor.default\">\n\t\t\t\t<div class=\"elementor-widget-container\">\n\t\t\t\t\t\t\t\t\t<p>[2]<\/p><p>O Dia em que eu fui ao meu parque favorito, sozinho.<\/p><p>Por que sim, as pessoas tem planos e prioridades na vida, e assim como elas, n\u00f3s todos devemos ter.<\/p><p>E nesse dia, eu pude presenciar uma linda florada de uma enorme e lindo ip\u00ea Rosa no parque.<\/p><p>Me senti grato e acolhido por aquilo que eu amo e respeito.<\/p>\t\t\t\t\t\t\t\t<\/div>\n\t\t\t\t<\/div>\n\t\t\t\t\t<\/div>\n\t\t<\/div>\n\t\t\t\t<div class=\"elementor-column elementor-col-50 elementor-inner-column elementor-element elementor-element-2a69b06\" data-id=\"2a69b06\" data-element_type=\"column\" data-e-type=\"column\">\n\t\t\t<div class=\"elementor-widget-wrap elementor-element-populated\">\n\t\t\t\t\t\t<div class=\"elementor-element elementor-element-d1b824b elementor-widget elementor-widget-text-editor\" data-id=\"d1b824b\" data-element_type=\"widget\" data-e-type=\"widget\" data-widget_type=\"text-editor.default\">\n\t\t\t\t<div class=\"elementor-widget-container\">\n\t\t\t\t\t\t\t\t\t<p>[3]<\/p><p>Cidade de Mogi das Cruzes era frequentada por mim com muita frequencia, enquanto o meu Filhote morava la.<\/p><p>E se tem algo que eu percebi foi que, as pessoas e os lugares s\u00e3o muito diferentes em todos os sentidos.<\/p><p>A cidade me traz uma sensa\u00e7\u00e3o maravilhosa at\u00e9 hoje, n\u00e3o s\u00f3 pelos dias de felicidade, mas tamb\u00e9m pelos de tristeza, e mesmo assim, tudo l\u00e1 que eu vi, vivi e ainda vivo me faz sentir em paz.<\/p>\t\t\t\t\t\t\t\t<\/div>\n\t\t\t\t<\/div>\n\t\t\t\t\t<\/div>\n\t\t<\/div>\n\t\t\t\t\t<\/div>\n\t\t<\/section>\n\t\t\t\t<section class=\"elementor-section elementor-inner-section elementor-element elementor-element-a1518b6 elementor-section-boxed elementor-section-height-default elementor-section-height-default\" data-id=\"a1518b6\" data-element_type=\"section\" data-e-type=\"section\">\n\t\t\t\t\t\t<div class=\"elementor-container elementor-column-gap-default\">\n\t\t\t\t\t<div class=\"elementor-column elementor-col-50 elementor-inner-column elementor-element elementor-element-c550eb6\" data-id=\"c550eb6\" data-element_type=\"column\" data-e-type=\"column\">\n\t\t\t<div class=\"elementor-widget-wrap elementor-element-populated\">\n\t\t\t\t\t\t<div class=\"elementor-element elementor-element-2463f04 elementor-widget elementor-widget-text-editor\" data-id=\"2463f04\" data-element_type=\"widget\" data-e-type=\"widget\" data-widget_type=\"text-editor.default\">\n\t\t\t\t<div class=\"elementor-widget-container\">\n\t\t\t\t\t\t\t\t\t<p>[4]<\/p><p>O Jardim da casa dos av\u00f3s da minha amiga Evely, foi palco de poucos porem, muito importantes momentos da minha vida, sempre ser\u00e1 lembrado e recordado e muito provavelmente, homenageado um dia.<\/p>\t\t\t\t\t\t\t\t<\/div>\n\t\t\t\t<\/div>\n\t\t\t\t\t<\/div>\n\t\t<\/div>\n\t\t\t\t<div class=\"elementor-column elementor-col-50 elementor-inner-column elementor-element elementor-element-c4be714\" data-id=\"c4be714\" data-element_type=\"column\" data-e-type=\"column\">\n\t\t\t<div class=\"elementor-widget-wrap elementor-element-populated\">\n\t\t\t\t\t\t<div class=\"elementor-element elementor-element-0b7b1dd elementor-widget elementor-widget-text-editor\" data-id=\"0b7b1dd\" data-element_type=\"widget\" data-e-type=\"widget\" data-widget_type=\"text-editor.default\">\n\t\t\t\t<div class=\"elementor-widget-container\">\n\t\t\t\t\t\t\t\t\t<p>[5]<\/p><p>O Estado do Rio de Janeiro e Espirito Santo s\u00e3o, dois lugares hoje que det\u00e9m muito o meu respeito e carinho.<\/p><p>Pessoas que fizeram parte da minha vida moram ou moraram l\u00e1.<\/p><p>Pessoas que mostraram lugares para se ter paz, vivem l\u00e1.<\/p><p>Cada lugar tem pessoas maravilhosas, que tenho vontade de viver em todas elas.<\/p><p>Vila velha tem muitos sentimentos meus assim como Cantagalo e a pr\u00f3pria cidade do Rj.<\/p>\t\t\t\t\t\t\t\t<\/div>\n\t\t\t\t<\/div>\n\t\t\t\t\t<\/div>\n\t\t<\/div>\n\t\t\t\t\t<\/div>\n\t\t<\/section>\n\t\t\t\t<section class=\"elementor-section elementor-inner-section elementor-element elementor-element-ab50db0 elementor-section-boxed elementor-section-height-default elementor-section-height-default\" data-id=\"ab50db0\" data-element_type=\"section\" data-e-type=\"section\">\n\t\t\t\t\t\t<div class=\"elementor-container elementor-column-gap-default\">\n\t\t\t\t\t<div class=\"elementor-column elementor-col-50 elementor-inner-column elementor-element elementor-element-a8ceb81\" data-id=\"a8ceb81\" data-element_type=\"column\" data-e-type=\"column\">\n\t\t\t<div class=\"elementor-widget-wrap elementor-element-populated\">\n\t\t\t\t\t\t<div class=\"elementor-element elementor-element-67061c9 elementor-widget elementor-widget-text-editor\" data-id=\"67061c9\" data-element_type=\"widget\" data-e-type=\"widget\" data-widget_type=\"text-editor.default\">\n\t\t\t\t<div class=\"elementor-widget-container\">\n\t\t\t\t\t\t\t\t\t<p>[6]<\/p><p>No cinema, que era para ser em familia, e acabei vendo um filme sozinho:<\/p><p>Percebi que, n\u00e3o importa o quanto eu esteja sozinho, o meu sentimento n\u00e3o vai mudar pela minha fam\u00edlia.<\/p><p>Por\u00e9m, ao crescer, esse sentimento ficou em p\u00e9 de igualdade ao respeito m\u00fatuo que deve haver entre todos.\u00a0<\/p>\t\t\t\t\t\t\t\t<\/div>\n\t\t\t\t<\/div>\n\t\t\t\t\t<\/div>\n\t\t<\/div>\n\t\t\t\t<div class=\"elementor-column elementor-col-50 elementor-inner-column elementor-element elementor-element-8201450\" data-id=\"8201450\" data-element_type=\"column\" data-e-type=\"column\">\n\t\t\t<div class=\"elementor-widget-wrap elementor-element-populated\">\n\t\t\t\t\t\t<div class=\"elementor-element elementor-element-6a4c7b1 elementor-widget elementor-widget-text-editor\" data-id=\"6a4c7b1\" data-element_type=\"widget\" data-e-type=\"widget\" data-widget_type=\"text-editor.default\">\n\t\t\t\t<div class=\"elementor-widget-container\">\n\t\t\t\t\t\t\t\t\t<p>[7]<\/p><p>O sistema ferrovi\u00e1rio de SP foi testemunha recorrente de v\u00e1rios momentos da minha vida, os de alegria e os de tristeza.<\/p><p>E o Sistema de Onibus me trouxe pessoas&#8230; Pessoas que eu nunca achei que iria rever, pessoas que eu sempre quis ver (posso ter enganado mas aquele parecia ser o Lobo que eu nunca vi pessoalmente), lugares onde pessoas decidem viver.<\/p><p>O Transporte publico me tr\u00e1s tanta coisa que eu n\u00e3o sei nem dizer&#8230;<\/p>\t\t\t\t\t\t\t\t<\/div>\n\t\t\t\t<\/div>\n\t\t\t\t\t<\/div>\n\t\t<\/div>\n\t\t\t\t\t<\/div>\n\t\t<\/section>\n\t\t\t\t<div class=\"elementor-element elementor-element-9773cc5 elementor-widget elementor-widget-heading\" data-id=\"9773cc5\" data-element_type=\"widget\" data-e-type=\"widget\" data-widget_type=\"heading.default\">\n\t\t\t\t<div class=\"elementor-widget-container\">\n\t\t\t\t\t<h3 class=\"elementor-heading-title elementor-size-default\">Sempre bom recordar e viver... e saber que o tempo sempre anda... E me encho de sentimentos ao desejar sempre andar com ele, seja pra onde for.<\/h3>\t\t\t\t<\/div>\n\t\t\t\t<\/div>\n\t\t\t\t\t<\/div>\n\t\t<\/div>\n\t\t\t\t\t<\/div>\n\t\t<\/section>\n\t\t\t\t<\/div>\n\t\t","protected":false},"excerpt":{"rendered":"<p>Eu n\u00e3o sei se deveria estar fazendo isso mas, faz algum tempo que eu gostaria muito de por varios pensamentos e opini\u00f5es para fora, sobre tudo em geral. Primeiro de tudo, sinto a sua falta Sabe&#8230; A primeira coisa que muito me martela na cabe\u00e7a, \u00e9 como eu sinto a sua falta. Entendo perfeitamente que&#8230;&#8230;<\/p>","protected":false},"author":1,"featured_media":0,"comment_status":"closed","ping_status":"closed","sticky":false,"template":"","format":"standard","meta":{"footnotes":""},"categories":[7,374,10],"tags":[381,386,385,379,383,382,180,377,375,380,378,387,376,215,384],"class_list":["post-2356","post","type-post","status-publish","format-standard","hentry","category-opiniao","category-pensamentos","category-sem-categoria","tag-animais","tag-anos","tag-convivio","tag-futuro","tag-internet","tag-natureza","tag-opiniao","tag-passado","tag-pensamentos","tag-pessoas","tag-presente","tag-reflexao","tag-saudade","tag-sentimentos","tag-sociedade"],"_links":{"self":[{"href":"https:\/\/contosdeumlobo.com.br\/en\/wp-json\/wp\/v2\/posts\/2356","targetHints":{"allow":["GET"]}}],"collection":[{"href":"https:\/\/contosdeumlobo.com.br\/en\/wp-json\/wp\/v2\/posts"}],"about":[{"href":"https:\/\/contosdeumlobo.com.br\/en\/wp-json\/wp\/v2\/types\/post"}],"author":[{"embeddable":true,"href":"https:\/\/contosdeumlobo.com.br\/en\/wp-json\/wp\/v2\/users\/1"}],"replies":[{"embeddable":true,"href":"https:\/\/contosdeumlobo.com.br\/en\/wp-json\/wp\/v2\/comments?post=2356"}],"version-history":[{"count":21,"href":"https:\/\/contosdeumlobo.com.br\/en\/wp-json\/wp\/v2\/posts\/2356\/revisions"}],"predecessor-version":[{"id":2481,"href":"https:\/\/contosdeumlobo.com.br\/en\/wp-json\/wp\/v2\/posts\/2356\/revisions\/2481"}],"wp:attachment":[{"href":"https:\/\/contosdeumlobo.com.br\/en\/wp-json\/wp\/v2\/media?parent=2356"}],"wp:term":[{"taxonomy":"category","embeddable":true,"href":"https:\/\/contosdeumlobo.com.br\/en\/wp-json\/wp\/v2\/categories?post=2356"},{"taxonomy":"post_tag","embeddable":true,"href":"https:\/\/contosdeumlobo.com.br\/en\/wp-json\/wp\/v2\/tags?post=2356"}],"curies":[{"name":"wp","href":"https:\/\/api.w.org\/{rel}","templated":true}]}}