{"id":2298,"date":"2019-09-29T23:09:47","date_gmt":"2019-09-29T23:09:47","guid":{"rendered":"https:\/\/contosdeumlobo.com.br\/?p=2298"},"modified":"2025-12-30T22:34:01","modified_gmt":"2025-12-31T01:34:01","slug":"contopara-sempre-amarelo-setembro","status":"publish","type":"post","link":"https:\/\/contosdeumlobo.com.br\/en\/contopara-sempre-amarelo-setembro\/","title":{"rendered":"[Conto]Para Sempre Amarelo, Setembro."},"content":{"rendered":"<div data-elementor-type=\"wp-post\" data-elementor-id=\"2298\" class=\"elementor elementor-2298\">\n\t\t\t\t\t\t<section class=\"elementor-section elementor-top-section elementor-element elementor-element-67118d3 elementor-section-boxed elementor-section-height-default elementor-section-height-default\" data-id=\"67118d3\" data-element_type=\"section\" data-e-type=\"section\">\n\t\t\t\t\t\t<div class=\"elementor-container elementor-column-gap-default\">\n\t\t\t\t\t<div class=\"elementor-column elementor-col-100 elementor-top-column elementor-element elementor-element-6133d20\" data-id=\"6133d20\" data-element_type=\"column\" data-e-type=\"column\">\n\t\t\t<div class=\"elementor-widget-wrap elementor-element-populated\">\n\t\t\t\t\t\t<div class=\"elementor-element elementor-element-76f4a8e elementor-widget elementor-widget-image\" data-id=\"76f4a8e\" data-element_type=\"widget\" data-e-type=\"widget\" data-widget_type=\"image.default\">\n\t\t\t\t<div class=\"elementor-widget-container\">\n\t\t\t\t\t\t\t\t\t\t\t\t\t\t\t<img fetchpriority=\"high\" decoding=\"async\" width=\"1024\" height=\"396\" src=\"https:\/\/contosdeumlobo.com.br\/wp-content\/uploads\/2019\/09\/para-sempre-amarelo-setembro.png\" class=\"attachment-large size-large wp-image-2304\" alt=\"\" srcset=\"https:\/\/contosdeumlobo.com.br\/wp-content\/uploads\/2019\/09\/para-sempre-amarelo-setembro.png 2560w, https:\/\/contosdeumlobo.com.br\/wp-content\/uploads\/2019\/09\/para-sempre-amarelo-setembro-600x232.png 600w\" sizes=\"(max-width: 1024px) 100vw, 1024px\" \/>\t\t\t\t\t\t\t\t\t\t\t\t\t\t\t<\/div>\n\t\t\t\t<\/div>\n\t\t\t\t\t<\/div>\n\t\t<\/div>\n\t\t\t\t\t<\/div>\n\t\t<\/section>\n\t\t\t\t<section class=\"elementor-section elementor-top-section elementor-element elementor-element-6193ade elementor-section-boxed elementor-section-height-default elementor-section-height-default\" data-id=\"6193ade\" data-element_type=\"section\" data-e-type=\"section\">\n\t\t\t\t\t\t<div class=\"elementor-container elementor-column-gap-default\">\n\t\t\t\t\t<div class=\"elementor-column elementor-col-100 elementor-top-column elementor-element elementor-element-a6f1562\" data-id=\"a6f1562\" data-element_type=\"column\" data-e-type=\"column\">\n\t\t\t<div class=\"elementor-widget-wrap elementor-element-populated\">\n\t\t\t\t\t\t<div class=\"elementor-element elementor-element-04317f8 elementor-widget elementor-widget-text-editor\" data-id=\"04317f8\" data-element_type=\"widget\" data-e-type=\"widget\" data-widget_type=\"text-editor.default\">\n\t\t\t\t<div class=\"elementor-widget-container\">\n\t\t\t\t\t\t\t\t\t<h2>Para sempre amarelo, Setembro.<\/h2><p><br \/><br \/><i>&#8220;A disputas por elas, nunca acaba&#8230;<br \/>No meu mundo, a disputa por uma alma \u00e9 incans\u00e1vel&#8230;&#8221;<\/i><br \/><br \/><br \/><br \/>Neste mundo, o local mais f\u00e1cil para se ganhar isso, \u00e9 em um local que os humanos frequentam muito, e a sua mente e alma ficam extremamente sens\u00edveis e vulner\u00e1vel.<br \/><br \/>Esta venda aquela pessoa ali parada, no meio de tantas outras, esperando a m\u00e1quina que os transporta para outros locais rapidamente com todos dentro?<br \/>Pois \u00e9, olhe a mente dela, consegue ver? A tristeza e o desespero da pessoa que esta atr\u00e1s, influenciando a da frente?<br \/>Consegue sentir? O gosto do medo e do desespero, a inseguran\u00e7a tomando conta da mente e da alma dela&#8230;<br \/>Ah&#8230; Que bela vis\u00e3o, vai se tornar muito util na minha cole\u00e7\u00e3o e vai matar a minha fome com muito prazer&#8230;<br \/><br \/>Agora \u00e9 s\u00f3 eu chegar aqui, atr\u00e1s dela, que esta bem na frente do buraco que vai livrar ela desse sofrimento.<br \/>&#8220;som da buzina do trem se aproximando da plataforma&#8221;<br \/>Oh sim, esta na hora&#8230; Vamos, eu te ajudo com um empurr\u00e3ozinho assim&#8230;<br \/><br \/>&#8211; N\u00e3o!<br \/><br \/>A pessoa ouve uma voz gritando longe, e atr\u00e1s dela, atr\u00e1s de toda a multid\u00e3o.<br \/>Ela olha com um olhar assustado e ofegante , sem entender nada, e o trem chega r\u00e1pido, fazendo o cabelo dela balan\u00e7ar com o vento forte, fazendo-a sentir bem pr\u00f3xima do seu rosto, o ferro gelado.<br \/>A pessoa entre no metro, sentindo-se exausta e sem entender nada, e segue seu caminho.<br \/><br \/>O lobo estava la, olhando o ser que o encarava com \u00f3dio nos olhos e na alma, em todo seu ser, enquanto o lobo estava ali, fisicamente, e espiritualmente, agora, na frente da fila atual, para prevenir, e sem sorrir.<\/p>\t\t\t\t\t\t\t\t<\/div>\n\t\t\t\t<\/div>\n\t\t\t\t<div class=\"elementor-element elementor-element-8dcf336 elementor-widget-divider--view-line elementor-widget elementor-widget-divider\" data-id=\"8dcf336\" data-element_type=\"widget\" data-e-type=\"widget\" data-widget_type=\"divider.default\">\n\t\t\t\t<div class=\"elementor-widget-container\">\n\t\t\t\t\t\t\t<div class=\"elementor-divider\">\n\t\t\t<span class=\"elementor-divider-separator\">\n\t\t\t\t\t\t<\/span>\n\t\t<\/div>\n\t\t\t\t\t\t<\/div>\n\t\t\t\t<\/div>\n\t\t\t\t<div class=\"elementor-element elementor-element-ff78c28 elementor-align-center elementor-widget elementor-widget-button\" data-id=\"ff78c28\" data-element_type=\"widget\" data-e-type=\"widget\" data-widget_type=\"button.default\">\n\t\t\t\t<div class=\"elementor-widget-container\">\n\t\t\t\t\t\t\t\t\t<div class=\"elementor-button-wrapper\">\n\t\t\t\t\t<a class=\"elementor-button elementor-button-link elementor-size-md\" href=\"http:\/\/fav.me\/ddh7ynk\">\n\t\t\t\t\t\t<span class=\"elementor-button-content-wrapper\">\n\t\t\t\t\t\t<span class=\"elementor-button-icon\">\n\t\t\t\t<i aria-hidden=\"true\" class=\"fab fa-deviantart\"><\/i>\t\t\t<\/span>\n\t\t\t\t\t\t\t\t\t<span class=\"elementor-button-text\">Original - DA Link<\/span>\n\t\t\t\t\t<\/span>\n\t\t\t\t\t<\/a>\n\t\t\t\t<\/div>\n\t\t\t\t\t\t\t\t<\/div>\n\t\t\t\t<\/div>\n\t\t\t\t\t<\/div>\n\t\t<\/div>\n\t\t\t\t\t<\/div>\n\t\t<\/section>\n\t\t\t\t<\/div>","protected":false},"excerpt":{"rendered":"<p>Para sempre amarelo, Setembro. &#8220;A disputas por elas, nunca acaba&#8230;No meu mundo, a disputa por uma alma \u00e9 incans\u00e1vel&#8230;&#8221; Neste mundo, o local mais f\u00e1cil para se ganhar isso, \u00e9 em um local que os humanos frequentam muito, e a sua mente e alma ficam extremamente sens\u00edveis e vulner\u00e1vel. Esta venda aquela pessoa ali parada,&#8230;<\/p>","protected":false},"author":1,"featured_media":0,"comment_status":"closed","ping_status":"closed","sticky":false,"template":"","format":"standard","meta":{"footnotes":""},"categories":[2],"tags":[297,55,294,295,150,296],"class_list":["post-2298","post","type-post","status-publish","format-standard","hentry","category-contos","tag-amarelo","tag-cidade","tag-conto","tag-curto","tag-lobo","tag-setembro"],"_links":{"self":[{"href":"https:\/\/contosdeumlobo.com.br\/en\/wp-json\/wp\/v2\/posts\/2298","targetHints":{"allow":["GET"]}}],"collection":[{"href":"https:\/\/contosdeumlobo.com.br\/en\/wp-json\/wp\/v2\/posts"}],"about":[{"href":"https:\/\/contosdeumlobo.com.br\/en\/wp-json\/wp\/v2\/types\/post"}],"author":[{"embeddable":true,"href":"https:\/\/contosdeumlobo.com.br\/en\/wp-json\/wp\/v2\/users\/1"}],"replies":[{"embeddable":true,"href":"https:\/\/contosdeumlobo.com.br\/en\/wp-json\/wp\/v2\/comments?post=2298"}],"version-history":[{"count":1,"href":"https:\/\/contosdeumlobo.com.br\/en\/wp-json\/wp\/v2\/posts\/2298\/revisions"}],"predecessor-version":[{"id":3397,"href":"https:\/\/contosdeumlobo.com.br\/en\/wp-json\/wp\/v2\/posts\/2298\/revisions\/3397"}],"wp:attachment":[{"href":"https:\/\/contosdeumlobo.com.br\/en\/wp-json\/wp\/v2\/media?parent=2298"}],"wp:term":[{"taxonomy":"category","embeddable":true,"href":"https:\/\/contosdeumlobo.com.br\/en\/wp-json\/wp\/v2\/categories?post=2298"},{"taxonomy":"post_tag","embeddable":true,"href":"https:\/\/contosdeumlobo.com.br\/en\/wp-json\/wp\/v2\/tags?post=2298"}],"curies":[{"name":"wp","href":"https:\/\/api.w.org\/{rel}","templated":true}]}}