{"id":1344,"date":"2018-04-28T15:52:12","date_gmt":"2018-04-28T18:52:12","guid":{"rendered":"https:\/\/ferilos.wordpress.com\/?p=1344"},"modified":"2023-06-15T21:34:55","modified_gmt":"2023-06-16T00:34:55","slug":"lancamento-contos-de-um-lobo-na-cidade-vol-1","status":"publish","type":"post","link":"https:\/\/contosdeumlobo.com.br\/en\/lancamento-contos-de-um-lobo-na-cidade-vol-1\/","title":{"rendered":"[Lan\u00e7amento] Contos de Um Lobo na Cidade &#8211; Vol. 1"},"content":{"rendered":"<h2 style=\"text-align:left;\"><span style=\"color:#808000;\"><img fetchpriority=\"high\" decoding=\"async\" class=\"alignnone size-full wp-image-1345\" style=\"color:#3d596d;font-size:16px;font-weight:400;\" src=\"http:\/\/contosdeumlobo.com.br\/wp-content\/uploads\/2018\/04\/banner-1-lancamento-livro.png\" alt=\"banner 1 - lancamento livro\" width=\"2100\" height=\"1500\" srcset=\"https:\/\/contosdeumlobo.com.br\/wp-content\/uploads\/2018\/04\/banner-1-lancamento-livro.png 2100w, https:\/\/contosdeumlobo.com.br\/wp-content\/uploads\/2018\/04\/banner-1-lancamento-livro-300x214.png 300w, https:\/\/contosdeumlobo.com.br\/wp-content\/uploads\/2018\/04\/banner-1-lancamento-livro-768x549.png 768w, https:\/\/contosdeumlobo.com.br\/wp-content\/uploads\/2018\/04\/banner-1-lancamento-livro-1024x731.png 1024w, https:\/\/contosdeumlobo.com.br\/wp-content\/uploads\/2018\/04\/banner-1-lancamento-livro-676x483.png 676w\" sizes=\"(max-width: 2100px) 100vw, 2100px\" \/>Bom dia\/Boa Tarde\/Boa noite galera!<\/span><\/h2>\n<p style=\"text-align:left;\">S\u00f3 avisando, com uma enorme felicidade! e muita vontade de chorar!<\/p>\n<h3 style=\"text-align:left;\"><span style=\"color:#333333;\">Lan\u00e7amento Oficial do Livro:<\/span><\/h3>\n<p style=\"text-align:left;\"><span style=\"text-decoration:underline;color:#0000ff;\"><strong>Contos de Um Lobo na Cidade &#8211; Volume 1<\/strong><\/span><\/p>\n<p style=\"text-align:left;\"><span style=\"color:#0000ff;\"><strong>Acontecer\u00e1 dia 12\/maio\/2018!<\/strong><\/span><\/p>\n<p style=\"text-align:left;\">Onde?<\/p>\n<p style=\"text-align:left;\"><span style=\"color:#339966;\"><strong>Shopping Marketplace &#8211; Livraria Cultura &lt;3<\/strong><\/span><\/p>\n<p style=\"text-align:left;\">Evento esta previsto para come\u00e7ar a partir das 17 horas! mas etarei o evento todo l\u00e1 \ud83d\ude09<\/p>\n<p style=\"text-align:left;\">Levarei dois marcadores a mais Exclusivo para esse dia para distribuir para quem for no evento!<\/p>\n<p style=\"text-align:left;\">Estarei postando o que havera no evento e tudo mais no facebook:<\/p>\n<p><span style=\"text-decoration:underline;\"><span style=\"color:#993300;text-decoration:underline;\"><strong>https:\/\/www.facebook.com\/events\/767815940080583<\/strong>\/<\/span><\/span><\/p>\n<p style=\"text-align:left;\"><img decoding=\"async\" class=\"alignright size-full wp-image-1346\" src=\"http:\/\/contosdeumlobo.com.br\/wp-content\/uploads\/2018\/04\/12144749_1697335933833207_8463658286783011103_n.jpg\" alt=\"12144749_1697335933833207_8463658286783011103_n\" width=\"945\" height=\"945\" srcset=\"https:\/\/contosdeumlobo.com.br\/wp-content\/uploads\/2018\/04\/12144749_1697335933833207_8463658286783011103_n.jpg 945w, https:\/\/contosdeumlobo.com.br\/wp-content\/uploads\/2018\/04\/12144749_1697335933833207_8463658286783011103_n-150x150.jpg 150w, https:\/\/contosdeumlobo.com.br\/wp-content\/uploads\/2018\/04\/12144749_1697335933833207_8463658286783011103_n-300x300.jpg 300w, https:\/\/contosdeumlobo.com.br\/wp-content\/uploads\/2018\/04\/12144749_1697335933833207_8463658286783011103_n-768x768.jpg 768w, https:\/\/contosdeumlobo.com.br\/wp-content\/uploads\/2018\/04\/12144749_1697335933833207_8463658286783011103_n-676x676.jpg 676w\" sizes=\"(max-width: 945px) 100vw, 945px\" \/><\/p>\n<p><img decoding=\"async\" class=\"alignnone size-full wp-image-1347\" src=\"http:\/\/contosdeumlobo.com.br\/wp-content\/uploads\/2018\/04\/preto_2.jpg\" alt=\"preto_2\" width=\"1344\" height=\"821\" srcset=\"https:\/\/contosdeumlobo.com.br\/wp-content\/uploads\/2018\/04\/preto_2.jpg 1344w, https:\/\/contosdeumlobo.com.br\/wp-content\/uploads\/2018\/04\/preto_2-300x183.jpg 300w, https:\/\/contosdeumlobo.com.br\/wp-content\/uploads\/2018\/04\/preto_2-768x469.jpg 768w, https:\/\/contosdeumlobo.com.br\/wp-content\/uploads\/2018\/04\/preto_2-1024x626.jpg 1024w, https:\/\/contosdeumlobo.com.br\/wp-content\/uploads\/2018\/04\/preto_2-676x413.jpg 676w\" sizes=\"(max-width: 1344px) 100vw, 1344px\" \/><\/p>","protected":false},"excerpt":{"rendered":"<p>Bom dia\/Boa Tarde\/Boa noite galera! S\u00f3 avisando, com uma enorme felicidade! e muita vontade de chorar! Lan\u00e7amento Oficial do Livro: Contos de Um Lobo na Cidade &#8211; Volume 1 Acontecer\u00e1 dia 12\/maio\/2018! Onde? Shopping Marketplace &#8211; Livraria Cultura &lt;3 Evento esta previsto para come\u00e7ar a partir das 17 horas! mas etarei o evento todo l\u00e1&#8230;<\/p>","protected":false},"author":1,"featured_media":1345,"comment_status":"closed","ping_status":"closed","sticky":false,"template":"","format":"standard","meta":{"footnotes":""},"categories":[2,5,6],"tags":[55,61,62,63,68,73,79,80,84,99,100,146,147,148,150,159,187,188,189,213,217,232],"class_list":["post-1344","post","type-post","status-publish","format-standard","has-post-thumbnail","hentry","category-contos","category-lancamento","category-lugares","tag-cidade","tag-contos-de-um-lobo","tag-contos-de-um-lobo-na-cidade","tag-contos-lobo-cidade","tag-cultura","tag-de","tag-dragon","tag-editora","tag-editorapendragon","tag-felipe","tag-felipe-sena-pereira","tag-livraria","tag-livraria-cultura","tag-livro","tag-lobo","tag-marketplace","tag-pen","tag-pendragon","tag-pereira","tag-sena","tag-shopping","tag-um"],"_links":{"self":[{"href":"https:\/\/contosdeumlobo.com.br\/en\/wp-json\/wp\/v2\/posts\/1344","targetHints":{"allow":["GET"]}}],"collection":[{"href":"https:\/\/contosdeumlobo.com.br\/en\/wp-json\/wp\/v2\/posts"}],"about":[{"href":"https:\/\/contosdeumlobo.com.br\/en\/wp-json\/wp\/v2\/types\/post"}],"author":[{"embeddable":true,"href":"https:\/\/contosdeumlobo.com.br\/en\/wp-json\/wp\/v2\/users\/1"}],"replies":[{"embeddable":true,"href":"https:\/\/contosdeumlobo.com.br\/en\/wp-json\/wp\/v2\/comments?post=1344"}],"version-history":[{"count":1,"href":"https:\/\/contosdeumlobo.com.br\/en\/wp-json\/wp\/v2\/posts\/1344\/revisions"}],"predecessor-version":[{"id":2971,"href":"https:\/\/contosdeumlobo.com.br\/en\/wp-json\/wp\/v2\/posts\/1344\/revisions\/2971"}],"wp:featuredmedia":[{"embeddable":true,"href":"https:\/\/contosdeumlobo.com.br\/en\/wp-json\/wp\/v2\/media\/1345"}],"wp:attachment":[{"href":"https:\/\/contosdeumlobo.com.br\/en\/wp-json\/wp\/v2\/media?parent=1344"}],"wp:term":[{"taxonomy":"category","embeddable":true,"href":"https:\/\/contosdeumlobo.com.br\/en\/wp-json\/wp\/v2\/categories?post=1344"},{"taxonomy":"post_tag","embeddable":true,"href":"https:\/\/contosdeumlobo.com.br\/en\/wp-json\/wp\/v2\/tags?post=1344"}],"curies":[{"name":"wp","href":"https:\/\/api.w.org\/{rel}","templated":true}]}}